{"id":7579,"date":"2019-02-16T08:09:48","date_gmt":"2019-02-16T08:09:48","guid":{"rendered":"http:\/\/palomapieldearena.es\/?p=7579\/"},"modified":"2019-02-16T08:09:48","modified_gmt":"2019-02-16T08:09:48","slug":"arrancamos-con-los-ajustes-del-tema-musical-de-la-obra-ephimera","status":"publish","type":"post","link":"http:\/\/palomapieldearena.es\/en\/arrancamos-con-los-ajustes-del-tema-musical-de-la-obra-ephimera\/","title":{"rendered":"We start with the adjustments of the musical theme of the work Ephimera"},"content":{"rendered":"<p>This week I will be working with David Minguill\u00f3n: https:\/\/www.facebook.com\/david.minguillon.5<\/p>\n<p>The musical composition of Ephimera, the last work that I premiered in April 2018, still needs to be polished and completed a couple of songs so that it is completely original. And we will be working on that in the coming weeks, thanks to the help received by the Cabildo of Tenerife for the stage production that has allowed us to work with other artists in collaboration to give shine to this work, which is already beginning to have a beautiful and fruitful career. .<\/p>\n<p>&nbsp;<\/p>","protected":false},"excerpt":{"rendered":"<p>Esta semana estar\u00e9 trabajando junto a David Minguill\u00f3n:\u00a0https:\/\/www.facebook.com\/david.minguillon.5 La composici\u00f3n musical de Ephimera, \u00faltima obra que estren\u00e9 en abril de 2018, a\u00fan est\u00e1 por pulir y completar un par de [&hellip;]<\/p>","protected":false},"author":2,"featured_media":7580,"comment_status":"closed","ping_status":"open","sticky":false,"template":"","format":"standard","meta":{"footnotes":""},"categories":[68],"tags":[],"_links":{"self":[{"href":"http:\/\/palomapieldearena.es\/en\/wp-json\/wp\/v2\/posts\/7579"}],"collection":[{"href":"http:\/\/palomapieldearena.es\/en\/wp-json\/wp\/v2\/posts"}],"about":[{"href":"http:\/\/palomapieldearena.es\/en\/wp-json\/wp\/v2\/types\/post"}],"author":[{"embeddable":true,"href":"http:\/\/palomapieldearena.es\/en\/wp-json\/wp\/v2\/users\/2"}],"replies":[{"embeddable":true,"href":"http:\/\/palomapieldearena.es\/en\/wp-json\/wp\/v2\/comments?post=7579"}],"version-history":[{"count":1,"href":"http:\/\/palomapieldearena.es\/en\/wp-json\/wp\/v2\/posts\/7579\/revisions"}],"predecessor-version":[{"id":7581,"href":"http:\/\/palomapieldearena.es\/en\/wp-json\/wp\/v2\/posts\/7579\/revisions\/7581"}],"wp:featuredmedia":[{"embeddable":true,"href":"http:\/\/palomapieldearena.es\/en\/wp-json\/wp\/v2\/media\/7580"}],"wp:attachment":[{"href":"http:\/\/palomapieldearena.es\/en\/wp-json\/wp\/v2\/media?parent=7579"}],"wp:term":[{"taxonomy":"category","embeddable":true,"href":"http:\/\/palomapieldearena.es\/en\/wp-json\/wp\/v2\/categories?post=7579"},{"taxonomy":"post_tag","embeddable":true,"href":"http:\/\/palomapieldearena.es\/en\/wp-json\/wp\/v2\/tags?post=7579"}],"curies":[{"name":"wp","href":"https:\/\/api.w.org\/{rel}","templated":true}]}}