{"id":7217,"date":"2017-12-31T10:12:30","date_gmt":"2017-12-31T10:12:30","guid":{"rendered":"http:\/\/palomapieldearena.es\/?p=7217"},"modified":"2017-12-31T10:12:30","modified_gmt":"2017-12-31T10:12:30","slug":"agradecimiento-a-canarias-crea","status":"publish","type":"post","link":"http:\/\/palomapieldearena.es\/es\/agradecimiento-a-canarias-crea\/","title":{"rendered":"Agradecimiento a  Canarias Crea"},"content":{"rendered":"<p>Hoy 31 de diciembre, pongo la mirada en la actividad realizada en este 2017 y quiero dar un agradecimiento especial al Gobierno de Canarias que desde su programa Canarias Crea Canarias, apoya a la movilidad de artistas locales, facilit\u00e1ndonos la labor de compartir con otras partes de la geograf\u00eda espa\u00f1ola y del extranjero las obras que se est\u00e1n desarrollando en la Comunidad Aut\u00f3noma de Canarias, poniendo en valor la producci\u00f3n art\u00edstica que en el archipi\u00e9lago se realiza.<\/p>\n<p>http:\/\/www.gobiernodecanarias.org\/cultura\/ccr\/menu\/canariascrea\/<\/p>\n<p>Gracias por las ayudas recibidas a lo largo de 2017, he compartido en los siguientes lugares: Denia (Festival Ultramar Dansa) &#8211; Desert Rose, Madrid (Teatro Lagrada) &#8211; Drei, Pamplona (Civivox Iturrama) &#8211; Drei y\u00a0 \u00a0Vitoria (Festival 150gr) &#8211; Dakini.<\/p>\n","protected":false},"excerpt":{"rendered":"<p>Hoy 31 de diciembre, pongo la mirada en la actividad realizada en este 2017 y quiero dar un agradecimiento especial al Gobierno de Canarias que desde su programa Canarias Crea [&hellip;]<\/p>\n","protected":false},"author":2,"featured_media":7218,"comment_status":"closed","ping_status":"open","sticky":false,"template":"","format":"standard","meta":{"footnotes":""},"categories":[68],"tags":[],"_links":{"self":[{"href":"http:\/\/palomapieldearena.es\/es\/wp-json\/wp\/v2\/posts\/7217"}],"collection":[{"href":"http:\/\/palomapieldearena.es\/es\/wp-json\/wp\/v2\/posts"}],"about":[{"href":"http:\/\/palomapieldearena.es\/es\/wp-json\/wp\/v2\/types\/post"}],"author":[{"embeddable":true,"href":"http:\/\/palomapieldearena.es\/es\/wp-json\/wp\/v2\/users\/2"}],"replies":[{"embeddable":true,"href":"http:\/\/palomapieldearena.es\/es\/wp-json\/wp\/v2\/comments?post=7217"}],"version-history":[{"count":1,"href":"http:\/\/palomapieldearena.es\/es\/wp-json\/wp\/v2\/posts\/7217\/revisions"}],"predecessor-version":[{"id":7219,"href":"http:\/\/palomapieldearena.es\/es\/wp-json\/wp\/v2\/posts\/7217\/revisions\/7219"}],"wp:featuredmedia":[{"embeddable":true,"href":"http:\/\/palomapieldearena.es\/es\/wp-json\/wp\/v2\/media\/7218"}],"wp:attachment":[{"href":"http:\/\/palomapieldearena.es\/es\/wp-json\/wp\/v2\/media?parent=7217"}],"wp:term":[{"taxonomy":"category","embeddable":true,"href":"http:\/\/palomapieldearena.es\/es\/wp-json\/wp\/v2\/categories?post=7217"},{"taxonomy":"post_tag","embeddable":true,"href":"http:\/\/palomapieldearena.es\/es\/wp-json\/wp\/v2\/tags?post=7217"}],"curies":[{"name":"wp","href":"https:\/\/api.w.org\/{rel}","templated":true}]}}