{"id":7286,"date":"2018-04-11T13:02:55","date_gmt":"2018-04-11T13:02:55","guid":{"rendered":"http:\/\/palomapieldearena.es\/?p=7286"},"modified":"2018-04-17T15:21:37","modified_gmt":"2018-04-17T15:21:37","slug":"en-creacion-ephimera-is-coming","status":"publish","type":"post","link":"http:\/\/palomapieldearena.es\/es\/en-creacion-ephimera-is-coming\/","title":{"rendered":"En creaci\u00f3n&#8230;Eph\u00edmera is coming"},"content":{"rendered":"<p>El 29 de abril con motivo del d\u00eda internacional de la danza, estreno nuevo solo, \u00abEph\u00edmera\u00bb, trabajo para espacios no convencionales. Con muchas ganas e ilusi\u00f3n. Gracias a todos los que est\u00e1n d\u00e1ndome sus ojos, su apoyo y su coraz\u00f3n. Teatro Victoria (mi amada casa de creaci\u00f3n), Roberto Torres, Marliuz Borges, Leandro Gonz\u00e1lez, Yudi Acosta, Javier Rodr\u00edguez, David Minguill\u00f3n, Samuel Aguilar, Lucas Lorenzo Sala, Paloma de la Cruz, Angharad Herrera (luci\u00e9rnagas que iluminan con su mirada).<\/p>\n<p>Gracias Javier Cuevas por la confianza.<\/p>\n<p>Y gracias al universo por esas esculturas ef\u00edmeras bajo la lluvia de la noche.<\/p>\n","protected":false},"excerpt":{"rendered":"<p>El 29 de abril con motivo del d\u00eda internacional de la danza, estreno nuevo solo, \u00abEph\u00edmera\u00bb, trabajo para espacios no convencionales. Con muchas ganas e ilusi\u00f3n. Gracias a todos los [&hellip;]<\/p>\n","protected":false},"author":2,"featured_media":7294,"comment_status":"closed","ping_status":"open","sticky":false,"template":"","format":"standard","meta":{"footnotes":""},"categories":[68],"tags":[],"_links":{"self":[{"href":"http:\/\/palomapieldearena.es\/es\/wp-json\/wp\/v2\/posts\/7286"}],"collection":[{"href":"http:\/\/palomapieldearena.es\/es\/wp-json\/wp\/v2\/posts"}],"about":[{"href":"http:\/\/palomapieldearena.es\/es\/wp-json\/wp\/v2\/types\/post"}],"author":[{"embeddable":true,"href":"http:\/\/palomapieldearena.es\/es\/wp-json\/wp\/v2\/users\/2"}],"replies":[{"embeddable":true,"href":"http:\/\/palomapieldearena.es\/es\/wp-json\/wp\/v2\/comments?post=7286"}],"version-history":[{"count":5,"href":"http:\/\/palomapieldearena.es\/es\/wp-json\/wp\/v2\/posts\/7286\/revisions"}],"predecessor-version":[{"id":7292,"href":"http:\/\/palomapieldearena.es\/es\/wp-json\/wp\/v2\/posts\/7286\/revisions\/7292"}],"wp:featuredmedia":[{"embeddable":true,"href":"http:\/\/palomapieldearena.es\/es\/wp-json\/wp\/v2\/media\/7294"}],"wp:attachment":[{"href":"http:\/\/palomapieldearena.es\/es\/wp-json\/wp\/v2\/media?parent=7286"}],"wp:term":[{"taxonomy":"category","embeddable":true,"href":"http:\/\/palomapieldearena.es\/es\/wp-json\/wp\/v2\/categories?post=7286"},{"taxonomy":"post_tag","embeddable":true,"href":"http:\/\/palomapieldearena.es\/es\/wp-json\/wp\/v2\/tags?post=7286"}],"curies":[{"name":"wp","href":"https:\/\/api.w.org\/{rel}","templated":true}]}}