{"id":7534,"date":"2018-11-16T13:55:23","date_gmt":"2018-11-16T13:55:23","guid":{"rendered":"http:\/\/palomapieldearena.es\/?p=7534\/"},"modified":"2018-11-16T13:55:23","modified_gmt":"2018-11-16T13:55:23","slug":"dispositivo-labranza-en-fam-tenerife","status":"publish","type":"post","link":"http:\/\/palomapieldearena.es\/es\/dispositivo-labranza-en-fam-tenerife\/","title":{"rendered":"Dispositivo Labranza en FAM- Tenerife"},"content":{"rendered":"<p>El pasado domingo tuvimos la \u00faltima actuaci\u00f3n de Dispositivo Labranza del a\u00f1o 2018.<\/p>\n<p>Este a\u00f1o ha sido a\u00f1o de cosecha, hermoso, maravilloso, en el que hemos podido compartir con muchisimas personas y seguir creciendo en nuestro proyecto lleno de amor gracias a todas esas estrellitas que hacen posible que Labranza siga llen\u00e1ndose de rumores, de gentes, de vivencias, experiencias compartidas, de aprendizaje y de mucha danza y pasi\u00f3n.<\/p>\n","protected":false},"excerpt":{"rendered":"<p>El pasado domingo tuvimos la \u00faltima actuaci\u00f3n de Dispositivo Labranza del a\u00f1o 2018. Este a\u00f1o ha sido a\u00f1o de cosecha, hermoso, maravilloso, en el que hemos podido compartir con muchisimas [&hellip;]<\/p>\n","protected":false},"author":2,"featured_media":7535,"comment_status":"closed","ping_status":"open","sticky":false,"template":"","format":"standard","meta":{"footnotes":""},"categories":[68],"tags":[],"_links":{"self":[{"href":"http:\/\/palomapieldearena.es\/es\/wp-json\/wp\/v2\/posts\/7534"}],"collection":[{"href":"http:\/\/palomapieldearena.es\/es\/wp-json\/wp\/v2\/posts"}],"about":[{"href":"http:\/\/palomapieldearena.es\/es\/wp-json\/wp\/v2\/types\/post"}],"author":[{"embeddable":true,"href":"http:\/\/palomapieldearena.es\/es\/wp-json\/wp\/v2\/users\/2"}],"replies":[{"embeddable":true,"href":"http:\/\/palomapieldearena.es\/es\/wp-json\/wp\/v2\/comments?post=7534"}],"version-history":[{"count":1,"href":"http:\/\/palomapieldearena.es\/es\/wp-json\/wp\/v2\/posts\/7534\/revisions"}],"predecessor-version":[{"id":7536,"href":"http:\/\/palomapieldearena.es\/es\/wp-json\/wp\/v2\/posts\/7534\/revisions\/7536"}],"wp:featuredmedia":[{"embeddable":true,"href":"http:\/\/palomapieldearena.es\/es\/wp-json\/wp\/v2\/media\/7535"}],"wp:attachment":[{"href":"http:\/\/palomapieldearena.es\/es\/wp-json\/wp\/v2\/media?parent=7534"}],"wp:term":[{"taxonomy":"category","embeddable":true,"href":"http:\/\/palomapieldearena.es\/es\/wp-json\/wp\/v2\/categories?post=7534"},{"taxonomy":"post_tag","embeddable":true,"href":"http:\/\/palomapieldearena.es\/es\/wp-json\/wp\/v2\/tags?post=7534"}],"curies":[{"name":"wp","href":"https:\/\/api.w.org\/{rel}","templated":true}]}}