{"id":7745,"date":"2020-03-26T09:51:43","date_gmt":"2020-03-26T09:51:43","guid":{"rendered":"http:\/\/palomapieldearena.es\/?p=7745\/"},"modified":"2020-03-26T09:51:43","modified_gmt":"2020-03-26T09:51:43","slug":"reflexiones-sobre-lo-colectivo","status":"publish","type":"post","link":"http:\/\/palomapieldearena.es\/es\/reflexiones-sobre-lo-colectivo\/","title":{"rendered":"Reflexiones sobre lo colectivo"},"content":{"rendered":"<p>Desde 2015 formo parte del Colectivo Lamajara, grupo de artistas que entendemos y practicamos una manera horizontal e igualitaria de trabajar, de crear y de hacer y vivir la cultura, basada en la suma de las individualidades que formamos parte de este proyecto vital. Hace cosa de un a\u00f1o empezamos a cuestionarnos sobre el propio concepto de colectivo\/colectividad, en cuanto a las formas de hacer en la sociedad, en un contexto hist\u00f3rico en el que la individualidad se ha visto ensalzada y fortalecida. Quisimos abrir a diferentes artistas o cualquier persona con ganas de cuestionarse, la posibilidad de reflexionar acerca de este concepto. Hoy, desde este momento que vivimos, donde es la fuerza de lo com\u00fan, la que nos capacita para reconstruir este presente de la manera m\u00e1s armoniosa posible, me gustar\u00eda retomar esta idea y lanzaros el reto de generar un di\u00e1logo a partir de estos pensamientos y poder ir poco a poco debatiendo y creando un buen tejido reflexivo en cuanto a lo que queremos construir a nuestro alrededor y de qu\u00e9 manera queremos hacerlo.<\/p>\n<p>Nosotros empezaremos subiendo algunos videos de charlas que hemos ido teniendo a lo largo de los \u00faltimos meses. Podemos comenzar con textos propios o de otros, palabras, videos, cualquier formato ser\u00e1 bien recibido y cualquier propuesta para llevarlo a cabo.<\/p>\n<p>&nbsp;<\/p>\n","protected":false},"excerpt":{"rendered":"<p>Desde 2015 formo parte del Colectivo Lamajara, grupo de artistas que entendemos y practicamos una manera horizontal e igualitaria de trabajar, de crear y de hacer y vivir la cultura, [&hellip;]<\/p>\n","protected":false},"author":2,"featured_media":7746,"comment_status":"closed","ping_status":"open","sticky":false,"template":"","format":"standard","meta":{"footnotes":""},"categories":[68],"tags":[],"_links":{"self":[{"href":"http:\/\/palomapieldearena.es\/es\/wp-json\/wp\/v2\/posts\/7745"}],"collection":[{"href":"http:\/\/palomapieldearena.es\/es\/wp-json\/wp\/v2\/posts"}],"about":[{"href":"http:\/\/palomapieldearena.es\/es\/wp-json\/wp\/v2\/types\/post"}],"author":[{"embeddable":true,"href":"http:\/\/palomapieldearena.es\/es\/wp-json\/wp\/v2\/users\/2"}],"replies":[{"embeddable":true,"href":"http:\/\/palomapieldearena.es\/es\/wp-json\/wp\/v2\/comments?post=7745"}],"version-history":[{"count":1,"href":"http:\/\/palomapieldearena.es\/es\/wp-json\/wp\/v2\/posts\/7745\/revisions"}],"predecessor-version":[{"id":7747,"href":"http:\/\/palomapieldearena.es\/es\/wp-json\/wp\/v2\/posts\/7745\/revisions\/7747"}],"wp:featuredmedia":[{"embeddable":true,"href":"http:\/\/palomapieldearena.es\/es\/wp-json\/wp\/v2\/media\/7746"}],"wp:attachment":[{"href":"http:\/\/palomapieldearena.es\/es\/wp-json\/wp\/v2\/media?parent=7745"}],"wp:term":[{"taxonomy":"category","embeddable":true,"href":"http:\/\/palomapieldearena.es\/es\/wp-json\/wp\/v2\/categories?post=7745"},{"taxonomy":"post_tag","embeddable":true,"href":"http:\/\/palomapieldearena.es\/es\/wp-json\/wp\/v2\/tags?post=7745"}],"curies":[{"name":"wp","href":"https:\/\/api.w.org\/{rel}","templated":true}]}}