{"id":8052,"date":"2023-07-04T13:02:04","date_gmt":"2023-07-04T13:02:04","guid":{"rendered":"http:\/\/palomapieldearena.es\/?p=8052\/"},"modified":"2023-07-04T13:02:04","modified_gmt":"2023-07-04T13:02:04","slug":"vi-foro-de-cultura-y-ruralidad-presentando-labranza-como-proyecto-invitado","status":"publish","type":"post","link":"http:\/\/palomapieldearena.es\/es\/vi-foro-de-cultura-y-ruralidad-presentando-labranza-como-proyecto-invitado\/","title":{"rendered":"VI Foro de Cultura y Ruralidad, presentando Labranza como proyecto invitado"},"content":{"rendered":"<p>Ma\u00f1ana presentamos Labranza en el arranque de las jornadas del VI Foro de Cultura y Ruralidad y estaremos participando a lo largo del resto del d\u00eda, con muchos m\u00e1s ponentes en conferencias y coloquios que nos acercar\u00e1n a este contexto. Muy agradecidxs siempre de poder seguir sumando y sembrando semillas para la danza y la comunidad.<\/p>\n","protected":false},"excerpt":{"rendered":"<p>Ma\u00f1ana presentamos Labranza en el arranque de las jornadas del VI Foro de Cultura y Ruralidad y estaremos participando a lo largo del resto del d\u00eda, con muchos m\u00e1s ponentes [&hellip;]<\/p>\n","protected":false},"author":2,"featured_media":8053,"comment_status":"closed","ping_status":"open","sticky":false,"template":"","format":"standard","meta":{"footnotes":""},"categories":[68],"tags":[],"_links":{"self":[{"href":"http:\/\/palomapieldearena.es\/es\/wp-json\/wp\/v2\/posts\/8052"}],"collection":[{"href":"http:\/\/palomapieldearena.es\/es\/wp-json\/wp\/v2\/posts"}],"about":[{"href":"http:\/\/palomapieldearena.es\/es\/wp-json\/wp\/v2\/types\/post"}],"author":[{"embeddable":true,"href":"http:\/\/palomapieldearena.es\/es\/wp-json\/wp\/v2\/users\/2"}],"replies":[{"embeddable":true,"href":"http:\/\/palomapieldearena.es\/es\/wp-json\/wp\/v2\/comments?post=8052"}],"version-history":[{"count":1,"href":"http:\/\/palomapieldearena.es\/es\/wp-json\/wp\/v2\/posts\/8052\/revisions"}],"predecessor-version":[{"id":8054,"href":"http:\/\/palomapieldearena.es\/es\/wp-json\/wp\/v2\/posts\/8052\/revisions\/8054"}],"wp:featuredmedia":[{"embeddable":true,"href":"http:\/\/palomapieldearena.es\/es\/wp-json\/wp\/v2\/media\/8053"}],"wp:attachment":[{"href":"http:\/\/palomapieldearena.es\/es\/wp-json\/wp\/v2\/media?parent=8052"}],"wp:term":[{"taxonomy":"category","embeddable":true,"href":"http:\/\/palomapieldearena.es\/es\/wp-json\/wp\/v2\/categories?post=8052"},{"taxonomy":"post_tag","embeddable":true,"href":"http:\/\/palomapieldearena.es\/es\/wp-json\/wp\/v2\/tags?post=8052"}],"curies":[{"name":"wp","href":"https:\/\/api.w.org\/{rel}","templated":true}]}}