{"id":9100,"date":"2024-10-18T07:41:22","date_gmt":"2024-10-18T07:41:22","guid":{"rendered":"https:\/\/palomapieldearena.es\/?p=9100"},"modified":"2024-10-18T07:45:16","modified_gmt":"2024-10-18T07:45:16","slug":"jornadas-de-danza-y-agricultura-en-vejer-de-la-frontera","status":"publish","type":"post","link":"http:\/\/palomapieldearena.es\/es\/jornadas-de-danza-y-agricultura-en-vejer-de-la-frontera\/","title":{"rendered":"\u00a1\u00danete a las Primeras Jornadas de Danza y Agricultura en Vejer de la Frontera!"},"content":{"rendered":"\n<p>Del 5 al 8 de diciembre, ven a disfrutar de una experiencia \u00fanica en la Finca Catalina, ubicada en el pintoresco entorno de Vejer de la Frontera, C\u00e1diz. Te invitamos a formar parte de las <strong>Primeras Jornadas sobre Danza y Agricultura<\/strong>, un evento dedicado a conectar con la naturaleza a trav\u00e9s del movimiento y la acci\u00f3n colectiva.<\/p>\n\n\n\n<p>Este encuentro est\u00e1 dirigido a personas inquietas, con o sin experiencia previa en danza, que quieran explorar nuevas formas de expresi\u00f3n mientras colaboran en la siembra de \u00e1rboles y la regeneraci\u00f3n de la tierra.<\/p>\n\n\n\n<p>En estas jornadas aprenderemos a <strong>bailar con la naturaleza<\/strong>, experimentando una conexi\u00f3n profunda con el paisaje a trav\u00e9s de la danza y el trabajo comunitario en el campo.<\/p>\n\n\n\n<p>Adem\u00e1s de sembrar \u00e1rboles, exploraremos din\u00e1micas de grupo que nos permitir\u00e1n armonizar nuestros cuerpos con el entorno, generando un espacio de bienestar, creatividad y transformaci\u00f3n. <strong>\u00a1No necesitas experiencia previa en danza, solo muchas ganas de moverte y conectar con el entorno natural!<\/strong><\/p>\n\n\n\n<p>Si te sientes atra\u00eddo por la idea de bailar los campos y compartir con personas que buscan una relaci\u00f3n m\u00e1s cercana y consciente con la tierra, este evento es para ti. \u00a1Ven y siembra junto a nosotros!<\/p>\n\n\n\n<p>Para m\u00e1s informaci\u00f3n o para confirmar tu asistencia, no dudes en escribirnos a <strong><a href=\"mailto:hola@colectivolamajara.com\">hola@colectivolamajara.com<\/a><\/strong>. No te pierdas la oportunidad de vivir una experiencia enriquecedora y transformadora en un entorno \u00fanico.<\/p>\n\n\n\n<p>Te esperamos para <strong>sembrar, bailar y crecer juntos<\/strong>.<\/p>\n","protected":false},"excerpt":{"rendered":"<p>Del 5 al 8 de diciembre, ven a disfrutar de una experiencia \u00fanica en la Finca Catalina, ubicada en el pintoresco entorno de Vejer de la Frontera, C\u00e1diz. Te invitamos [&hellip;]<\/p>\n","protected":false},"author":2,"featured_media":9101,"comment_status":"closed","ping_status":"open","sticky":false,"template":"","format":"standard","meta":{"footnotes":""},"categories":[68],"tags":[],"_links":{"self":[{"href":"http:\/\/palomapieldearena.es\/es\/wp-json\/wp\/v2\/posts\/9100"}],"collection":[{"href":"http:\/\/palomapieldearena.es\/es\/wp-json\/wp\/v2\/posts"}],"about":[{"href":"http:\/\/palomapieldearena.es\/es\/wp-json\/wp\/v2\/types\/post"}],"author":[{"embeddable":true,"href":"http:\/\/palomapieldearena.es\/es\/wp-json\/wp\/v2\/users\/2"}],"replies":[{"embeddable":true,"href":"http:\/\/palomapieldearena.es\/es\/wp-json\/wp\/v2\/comments?post=9100"}],"version-history":[{"count":3,"href":"http:\/\/palomapieldearena.es\/es\/wp-json\/wp\/v2\/posts\/9100\/revisions"}],"predecessor-version":[{"id":9105,"href":"http:\/\/palomapieldearena.es\/es\/wp-json\/wp\/v2\/posts\/9100\/revisions\/9105"}],"wp:featuredmedia":[{"embeddable":true,"href":"http:\/\/palomapieldearena.es\/es\/wp-json\/wp\/v2\/media\/9101"}],"wp:attachment":[{"href":"http:\/\/palomapieldearena.es\/es\/wp-json\/wp\/v2\/media?parent=9100"}],"wp:term":[{"taxonomy":"category","embeddable":true,"href":"http:\/\/palomapieldearena.es\/es\/wp-json\/wp\/v2\/categories?post=9100"},{"taxonomy":"post_tag","embeddable":true,"href":"http:\/\/palomapieldearena.es\/es\/wp-json\/wp\/v2\/tags?post=9100"}],"curies":[{"name":"wp","href":"https:\/\/api.w.org\/{rel}","templated":true}]}}