{"id":7147,"date":"2017-09-13T13:36:37","date_gmt":"2017-09-13T13:36:37","guid":{"rendered":"http:\/\/palomapieldearena.es\/?p=7147"},"modified":"2017-11-08T19:22:00","modified_gmt":"2017-11-08T19:22:00","slug":"complementando-nuestra-formacion-con-curso-de-prevencion-de-riesgos-laborales-en-artes-escenicas","status":"publish","type":"post","link":"https:\/\/palomapieldearena.es\/es\/complementando-nuestra-formacion-con-curso-de-prevencion-de-riesgos-laborales-en-artes-escenicas\/","title":{"rendered":"Complementando nuestra formaci\u00f3n con curso de Prevenci\u00f3n de Riesgos Laborales en Artes Esc\u00e9nicas"},"content":{"rendered":"<p><strong>Sexta edici\u00f3n de la \u00fanica formaci\u00f3n reglada y certificada por PREVIMAC ofrecida desde una instituci\u00f3n p\u00fablica en PREVENCI\u00d3N DE RIESGOS LABORALES EN LAS ARTES ESC\u00c9NICAS. Con el\u00a0Patrocinio del Gobierno de Canarias.<\/strong><\/p>\n<p>&nbsp;<\/p>\n<p>Curso dirigido a todos los profesionales vinculados con el mundo de las artes esc\u00e9nicas, desde t\u00e9cnicos hasta empresarios, pasando por actores, productores, etc, contemplando adem\u00e1s todas las posibilidades de contrataci\u00f3n por terceros, aut\u00f3nomos, ETTs, subcontrataciones y las consiguiente coordinaci\u00f3n de actividades empresariales establecida obligatoriamente por ley.<\/p>\n<p>Dado que la actual legislaci\u00f3n establece derechos y obligaciones en todas las \u00e1reas, el curso pretende cubrir un vac\u00edo docente que existe a d\u00eda de hoy. Persigue, por un lado, concienciar y abrir una puerta al mundo de la prevenci\u00f3n para todos aquellos que no se han asomado a\u00fan a un mundo, el de las artes esc\u00e9nicas, tan rico en este \u00e1rea y tan alejado en la pr\u00e1ctica. Por otro, facultar a los asistentes para las funciones que les otorga la ley una vez realizado el curso de nivel b\u00e1sico, de acuerdo con el RD 39\/1997, algunas de las cuales son:<br \/>\nColaborar en la evaluaci\u00f3n y el control de los riesgos generales y espec\u00edficos de la empresa, efectuando visitas al efecto, atenci\u00f3n a quejas y sugerencias, registro de datos, y cuantas funciones an\u00e1logas sean necesarias.<\/p>\n<p>Actuar en caso de emergencia y primeros auxilios gestionando las primeras intervenciones al efecto.<br \/>\nRealizar evaluaciones elementales de riesgos y, en su caso, establecer medidas preventivas del mismo car\u00e1cter compatibles con su grado de formaci\u00f3n.<\/p>\n","protected":false},"excerpt":{"rendered":"<p>Sexta edici\u00f3n de la \u00fanica formaci\u00f3n reglada y certificada por PREVIMAC ofrecida desde una instituci\u00f3n p\u00fablica en PREVENCI\u00d3N DE RIESGOS LABORALES EN LAS ARTES ESC\u00c9NICAS. Con el\u00a0Patrocinio del Gobierno de [&hellip;]<\/p>\n","protected":false},"author":2,"featured_media":7149,"comment_status":"closed","ping_status":"open","sticky":false,"template":"","format":"standard","meta":{"footnotes":""},"categories":[68],"tags":[],"_links":{"self":[{"href":"https:\/\/palomapieldearena.es\/es\/wp-json\/wp\/v2\/posts\/7147"}],"collection":[{"href":"https:\/\/palomapieldearena.es\/es\/wp-json\/wp\/v2\/posts"}],"about":[{"href":"https:\/\/palomapieldearena.es\/es\/wp-json\/wp\/v2\/types\/post"}],"author":[{"embeddable":true,"href":"https:\/\/palomapieldearena.es\/es\/wp-json\/wp\/v2\/users\/2"}],"replies":[{"embeddable":true,"href":"https:\/\/palomapieldearena.es\/es\/wp-json\/wp\/v2\/comments?post=7147"}],"version-history":[{"count":1,"href":"https:\/\/palomapieldearena.es\/es\/wp-json\/wp\/v2\/posts\/7147\/revisions"}],"predecessor-version":[{"id":7150,"href":"https:\/\/palomapieldearena.es\/es\/wp-json\/wp\/v2\/posts\/7147\/revisions\/7150"}],"wp:featuredmedia":[{"embeddable":true,"href":"https:\/\/palomapieldearena.es\/es\/wp-json\/wp\/v2\/media\/7149"}],"wp:attachment":[{"href":"https:\/\/palomapieldearena.es\/es\/wp-json\/wp\/v2\/media?parent=7147"}],"wp:term":[{"taxonomy":"category","embeddable":true,"href":"https:\/\/palomapieldearena.es\/es\/wp-json\/wp\/v2\/categories?post=7147"},{"taxonomy":"post_tag","embeddable":true,"href":"https:\/\/palomapieldearena.es\/es\/wp-json\/wp\/v2\/tags?post=7147"}],"curies":[{"name":"wp","href":"https:\/\/api.w.org\/{rel}","templated":true}]}}